{"id":349,"date":"2016-03-22T21:26:20","date_gmt":"2016-03-22T20:26:20","guid":{"rendered":"http:\/\/xn--ttesdelartvisites-ttb.com\/?p=349"},"modified":"2026-01-25T21:41:59","modified_gmt":"2026-01-25T20:41:59","slug":"musee-du-quai-branly-la-ou-dialoguent-les-cultures-2","status":"publish","type":"post","link":"http:\/\/xn--ttesdelartvisites-ttb.com\/index.php\/2016\/03\/22\/musee-du-quai-branly-la-ou-dialoguent-les-cultures-2\/","title":{"rendered":"Mus\u00e9e du quai Branly, l\u00e0 o\u00f9 dialoguent les cultures"},"content":{"rendered":"<h2><em>Quels esprits veillent sur nous ?<\/em><\/h2>\n<p style=\"text-align: justify;\"><img loading=\"lazy\" decoding=\"async\" class=\"size-medium wp-image-417 alignright\" src=\"http:\/\/xn--ttesdelartvisites-ttb.com\/wp-content\/uploads\/2016\/03\/Capture-d\u2019e\u0301cran-2016-03-22-a\u0300-22.40.58-225x300.png\" alt=\"Capture d\u2019e\u0301cran 2016-03-22 a\u0300 22.40.58\" width=\"225\" height=\"300\" srcset=\"http:\/\/xn--ttesdelartvisites-ttb.com\/wp-content\/uploads\/2016\/03\/Capture-d\u2019e\u0301cran-2016-03-22-a\u0300-22.40.58-225x300.png 225w, http:\/\/xn--ttesdelartvisites-ttb.com\/wp-content\/uploads\/2016\/03\/Capture-d\u2019e\u0301cran-2016-03-22-a\u0300-22.40.58.png 566w\" sizes=\"auto, (max-width: 225px) 100vw, 225px\" \/>Ouvert en 2006, \u00e0 deux pas de la <span id=\"sample-permalink\"><a href=\"http:\/\/xn--ttesdelartvisites-ttb.com\/index.php\/2016\/03\/22\/une-dame-de-fer-domine-la-capitale-la-tour-de-monsieur-eiffel-2\/\" target=\"_blank\" rel=\"noopener\">Tour Eiffel<span id=\"editable-post-name\"><\/span><\/a><\/span><span id=\"edit-slug-buttons\"><\/span>, le mus\u00e9e du quai Branly, dernier n\u00e9 des mus\u00e9es de Paris, a l\u2019ambition de faire dialoguer les cultures du monde entre elles gr\u00e2ce \u00e0 une collection exceptionnelle, en partie issue du Mus\u00e9e national des arts d\u2019Afrique et d\u2019Oc\u00e9anie, ancien <span id=\"sample-permalink\"><a href=\"http:\/\/xn--ttesdelartvisites-ttb.com\/index.php\/2016\/03\/22\/le-tour-du-monde-en-un-jour-le-palais-des-colonies-2\/\" target=\"_blank\" rel=\"noopener\">Palais des colonies<\/a><\/span>, <span id=\"sample-permalink\"><\/span>et du <span id=\"sample-permalink\"><a href=\"http:\/\/xn--ttesdelartvisites-ttb.com\/index.php\/2016\/03\/22\/musee-de-lhomme-qui-sommes-nous-dou-venons-nous-ou-allons-nous\/\" target=\"_blank\" rel=\"noopener\">Mus\u00e9e de l&rsquo;Homme<\/a><\/span>.<\/p>\n<ul>\n<li style=\"text-align: justify;\">\u009f <em>Visite d\u00e9couverte des collections<\/em><\/li>\n<li style=\"text-align: justify;\">\u009f <em>Visite par continent (Afrique, Am\u00e9rique, Asie, Oc\u00e9anie)<br \/>\n<\/em><\/li>\n<li>\u009f <em>Visite th\u00e9matique \u00e0 la demande<\/em><\/li>\n<li>\u009f <em>Visite des expositions temporaires<\/em><\/li>\n<\/ul>\n<h6>La visite guid\u00e9e du mus\u00e9e dure 1 h 30.<\/h6>\n<p>\u00a9 Les T\u00eates de l&rsquo;art &#8211; visites<\/p>\n","protected":false},"excerpt":{"rendered":"<p>Quels esprits veillent sur nous ? Ouvert en 2006, \u00e0 deux pas de la Tour Eiffel, le mus\u00e9e du quai Branly, dernier n\u00e9 des mus\u00e9es de Paris, a l\u2019ambition de faire dialoguer les cultures du monde entre elles gr\u00e2ce \u00e0 une collection exceptionnelle, en partie issue du Mus\u00e9e national des arts d\u2019Afrique et d\u2019Oc\u00e9anie, ancien [&hellip;]<\/p>\n","protected":false},"author":1,"featured_media":0,"comment_status":"closed","ping_status":"open","sticky":false,"template":"","format":"standard","meta":{"footnotes":""},"categories":[13],"tags":[],"class_list":["post-349","post","type-post","status-publish","format-standard","hentry","category-musees"],"_links":{"self":[{"href":"http:\/\/xn--ttesdelartvisites-ttb.com\/index.php\/wp-json\/wp\/v2\/posts\/349","targetHints":{"allow":["GET"]}}],"collection":[{"href":"http:\/\/xn--ttesdelartvisites-ttb.com\/index.php\/wp-json\/wp\/v2\/posts"}],"about":[{"href":"http:\/\/xn--ttesdelartvisites-ttb.com\/index.php\/wp-json\/wp\/v2\/types\/post"}],"author":[{"embeddable":true,"href":"http:\/\/xn--ttesdelartvisites-ttb.com\/index.php\/wp-json\/wp\/v2\/users\/1"}],"replies":[{"embeddable":true,"href":"http:\/\/xn--ttesdelartvisites-ttb.com\/index.php\/wp-json\/wp\/v2\/comments?post=349"}],"version-history":[{"count":13,"href":"http:\/\/xn--ttesdelartvisites-ttb.com\/index.php\/wp-json\/wp\/v2\/posts\/349\/revisions"}],"predecessor-version":[{"id":3231,"href":"http:\/\/xn--ttesdelartvisites-ttb.com\/index.php\/wp-json\/wp\/v2\/posts\/349\/revisions\/3231"}],"wp:attachment":[{"href":"http:\/\/xn--ttesdelartvisites-ttb.com\/index.php\/wp-json\/wp\/v2\/media?parent=349"}],"wp:term":[{"taxonomy":"category","embeddable":true,"href":"http:\/\/xn--ttesdelartvisites-ttb.com\/index.php\/wp-json\/wp\/v2\/categories?post=349"},{"taxonomy":"post_tag","embeddable":true,"href":"http:\/\/xn--ttesdelartvisites-ttb.com\/index.php\/wp-json\/wp\/v2\/tags?post=349"}],"curies":[{"name":"wp","href":"https:\/\/api.w.org\/{rel}","templated":true}]}}