{"id":3013,"date":"2026-01-19T13:53:08","date_gmt":"2026-01-19T12:53:08","guid":{"rendered":"http:\/\/xn--ttesdelartvisites-ttb.com\/?p=3013"},"modified":"2026-01-25T21:28:51","modified_gmt":"2026-01-25T20:28:51","slug":"le-coeur-battant-de-la-cite-notre-dame-de-paris","status":"publish","type":"post","link":"http:\/\/xn--ttesdelartvisites-ttb.com\/index.php\/2026\/01\/19\/le-coeur-battant-de-la-cite-notre-dame-de-paris\/","title":{"rendered":"Le c\u0153ur battant de la cit\u00e9, Notre-Dame de Paris"},"content":{"rendered":"\n<h2 class=\"wp-block-heading\">Qui est monsieur Vert-de-gris&nbsp;?<\/h2>\n\n\n\n<p>Traversant l\u2019histoire de la capitale fran\u00e7aise, la cath\u00e9drale Notre-Dame de Paris a retrouv\u00e9 toute sa splendeur apr\u00e8s le terrible incendie qui a d\u00e9truit sa charpente m\u00e9di\u00e9vale et sa fl\u00e8che n\u00e9o-gothique.<\/p>\n\n\n<div class=\"wp-block-image\">\n<figure class=\"alignleft size-large is-resized\"><img loading=\"lazy\" decoding=\"async\" src=\"http:\/\/xn--ttesdelartvisites-ttb.com\/wp-content\/uploads\/2026\/01\/Capture-decran-2026-01-19-a-13.49.06-653x1024.png\" alt=\"\" class=\"wp-image-3016\" width=\"290\" height=\"455\" srcset=\"http:\/\/xn--ttesdelartvisites-ttb.com\/wp-content\/uploads\/2026\/01\/Capture-decran-2026-01-19-a-13.49.06-653x1024.png 653w, http:\/\/xn--ttesdelartvisites-ttb.com\/wp-content\/uploads\/2026\/01\/Capture-decran-2026-01-19-a-13.49.06-191x300.png 191w, http:\/\/xn--ttesdelartvisites-ttb.com\/wp-content\/uploads\/2026\/01\/Capture-decran-2026-01-19-a-13.49.06-768x1205.png 768w, http:\/\/xn--ttesdelartvisites-ttb.com\/wp-content\/uploads\/2026\/01\/Capture-decran-2026-01-19-a-13.49.06-979x1536.png 979w, http:\/\/xn--ttesdelartvisites-ttb.com\/wp-content\/uploads\/2026\/01\/Capture-decran-2026-01-19-a-13.49.06-1305x2048.png 1305w, http:\/\/xn--ttesdelartvisites-ttb.com\/wp-content\/uploads\/2026\/01\/Capture-decran-2026-01-19-a-13.49.06.png 1624w\" sizes=\"auto, (max-width: 290px) 100vw, 290px\" \/><\/figure>\n<\/div>\n\n\n<p>Entam\u00e9e au Moyen-\u00c2ge, la construction de la cath\u00e9drale s\u2019est poursuivie pendant 800 ans, profitant des \u00e9volutions stylistiques et des progr\u00e8s techniques. Le XIX<sup>e<\/sup> si\u00e8cle transforme son d\u00e9cor en profondeur, t\u00e9moignant d\u2019un go\u00fbt retrouv\u00e9 pour l\u2019art gothique. Aujourd\u2019hui un nouveau mobilier liturgique introduit un \u00e9l\u00e9ment de modernit\u00e9 sous ses vo\u00fbtes s\u00e9culaires. D\u00e9couvrons ce joyau mondial de l\u2019architecture <a href=\"http:\/\/t\u00eatesdelartvisites.com\/index.php\/2016\/03\/22\/la-necropole-des-rois-de-france-la-basilique-de-saint-denis-2\/\">gothique<\/a> et les chefs-d\u2019\u0153uvre qu\u2019il abrite, comme l\u2019exceptionnel tour de ch\u0153ur, dont la restauration magnifie le talent des artistes <a href=\"http:\/\/t\u00eatesdelartvisites.com\/index.php\/2016\/03\/22\/musee-de-cluny-musee-national-du-moyen-age-2\/\">m\u00e9di\u00e9vaux<\/a>.<\/p>\n\n\n\n<h6 class=\"wp-block-heading\">La visite guid\u00e9e de la cath\u00e9drale dure 1h30. La visite guid\u00e9e peut inclure la visite de <a href=\"http:\/\/t\u00eatesdelartvisites.com\/index.php\/2016\/03\/22\/le-berceau-de-paris-lile-de-la-cite-3\/\">l&rsquo;\u00eele de la cit\u00e9<\/a> et\/ou celle de la  <a href=\"http:\/\/t\u00eatesdelartvisites.com\/index.php\/2016\/03\/22\/quand-paris-sappelait-lutece-la-crypte-archeologique-de-notre-dame-2\/\">crypte arch\u00e9ologiqu<\/a><a rel=\"noreferrer noopener\" href=\"http:\/\/xn--ttesdelartvisites-ttb.com\/index.php\/2016\/03\/22\/menagerie-du-jardin-des-plantes\/\" target=\"_blank\">e<\/a>, dans ce cas, la dur\u00e9e de la visite est rallong\u00e9e de 1 h pour chacune des options.       <style>@font-face {font-family:\"Cambria Math\"; panose-1:2 4 5 3 5 4 6 3 2 4; mso-font-charset:0; mso-generic-font-family:roman; mso-font-pitch:variable; mso-font-signature:-536870145 1107305727 0 0 415 0;}@font-face {font-family:Times; panose-1:2 11 6 4 2 2 2 2 2 4; mso-font-alt:\"Times New Roman\"; mso-font-charset:0; mso-generic-font-family:roman; mso-font-pitch:auto; mso-font-signature:0 0 0 0 0 0;}p.MsoNormal, li.MsoNormal, div.MsoNormal {mso-style-unhide:no; mso-style-qformat:yes; mso-style-parent:\"\"; margin-top:6.0pt; margin-right:0cm; margin-bottom:6.0pt; margin-left:0cm; text-align:justify; line-height:150%; mso-pagination:widow-orphan; mso-hyphenate:none; font-size:12.0pt; font-family:\"Times\",serif; mso-fareast-font-family:\"Times New Roman\"; mso-fareast-theme-font:minor-fareast; mso-bidi-font-family:\"Times New Roman\"; mso-font-kerning:1.0pt; mso-ligatures:standardcontextual; mso-fareast-language:EN-US;}.MsoChpDefault {mso-style-type:export-only; mso-default-props:yes; font-family:\"Calibri\",sans-serif; mso-ascii-font-family:Calibri; mso-ascii-theme-font:minor-latin; mso-fareast-font-family:Calibri; mso-fareast-theme-font:minor-latin; mso-hansi-font-family:Calibri; mso-hansi-theme-font:minor-latin; mso-bidi-font-family:\"Times New Roman\"; mso-bidi-theme-font:minor-bidi; mso-fareast-language:EN-US;}div.WordSection1 {page:WordSection1;}<\/style>   <\/h6>\n\n\n\n<p>\u00a9 Les T\u00eates de l&rsquo;art &#8211; visites<\/p>\n","protected":false},"excerpt":{"rendered":"<p>Qui est monsieur Vert-de-gris&nbsp;? Traversant l\u2019histoire de la capitale fran\u00e7aise, la cath\u00e9drale Notre-Dame de Paris a retrouv\u00e9 toute sa splendeur apr\u00e8s le terrible incendie qui a d\u00e9truit sa charpente m\u00e9di\u00e9vale et sa fl\u00e8che n\u00e9o-gothique. Entam\u00e9e au Moyen-\u00c2ge, la construction de la cath\u00e9drale s\u2019est poursuivie pendant 800 ans, profitant des \u00e9volutions stylistiques et des progr\u00e8s techniques. [&hellip;]<\/p>\n","protected":false},"author":1,"featured_media":0,"comment_status":"closed","ping_status":"open","sticky":false,"template":"","format":"standard","meta":{"footnotes":""},"categories":[25,14],"tags":[],"class_list":["post-3013","post","type-post","status-publish","format-standard","hentry","category-lieux-de-culte","category-monuments"],"_links":{"self":[{"href":"http:\/\/xn--ttesdelartvisites-ttb.com\/index.php\/wp-json\/wp\/v2\/posts\/3013","targetHints":{"allow":["GET"]}}],"collection":[{"href":"http:\/\/xn--ttesdelartvisites-ttb.com\/index.php\/wp-json\/wp\/v2\/posts"}],"about":[{"href":"http:\/\/xn--ttesdelartvisites-ttb.com\/index.php\/wp-json\/wp\/v2\/types\/post"}],"author":[{"embeddable":true,"href":"http:\/\/xn--ttesdelartvisites-ttb.com\/index.php\/wp-json\/wp\/v2\/users\/1"}],"replies":[{"embeddable":true,"href":"http:\/\/xn--ttesdelartvisites-ttb.com\/index.php\/wp-json\/wp\/v2\/comments?post=3013"}],"version-history":[{"count":5,"href":"http:\/\/xn--ttesdelartvisites-ttb.com\/index.php\/wp-json\/wp\/v2\/posts\/3013\/revisions"}],"predecessor-version":[{"id":3200,"href":"http:\/\/xn--ttesdelartvisites-ttb.com\/index.php\/wp-json\/wp\/v2\/posts\/3013\/revisions\/3200"}],"wp:attachment":[{"href":"http:\/\/xn--ttesdelartvisites-ttb.com\/index.php\/wp-json\/wp\/v2\/media?parent=3013"}],"wp:term":[{"taxonomy":"category","embeddable":true,"href":"http:\/\/xn--ttesdelartvisites-ttb.com\/index.php\/wp-json\/wp\/v2\/categories?post=3013"},{"taxonomy":"post_tag","embeddable":true,"href":"http:\/\/xn--ttesdelartvisites-ttb.com\/index.php\/wp-json\/wp\/v2\/tags?post=3013"}],"curies":[{"name":"wp","href":"https:\/\/api.w.org\/{rel}","templated":true}]}}