{"id":301,"date":"2016-03-22T17:07:17","date_gmt":"2016-03-22T16:07:17","guid":{"rendered":"http:\/\/xn--ttesdelartvisites-ttb.com\/?p=301"},"modified":"2026-01-25T21:32:08","modified_gmt":"2026-01-25T20:32:08","slug":"une-partition-architecturale-lopera-garnier-2","status":"publish","type":"post","link":"http:\/\/xn--ttesdelartvisites-ttb.com\/index.php\/2016\/03\/22\/une-partition-architecturale-lopera-garnier-2\/","title":{"rendered":"Une partition architecturale, l\u2019Op\u00e9ra Garnier"},"content":{"rendered":"<h2><em><img loading=\"lazy\" decoding=\"async\" class=\" wp-image-1196 alignleft\" src=\"http:\/\/xn--ttesdelartvisites-ttb.com\/wp-content\/uploads\/2016\/03\/Capture-d\u2019e\u0301cran-2017-01-05-a\u0300-18.07.20-225x300.png\" alt=\"capture-decran-2017-01-05-a-18-07-20\" width=\"322\" height=\"429\" srcset=\"http:\/\/xn--ttesdelartvisites-ttb.com\/wp-content\/uploads\/2016\/03\/Capture-d\u2019e\u0301cran-2017-01-05-a\u0300-18.07.20-225x300.png 225w, http:\/\/xn--ttesdelartvisites-ttb.com\/wp-content\/uploads\/2016\/03\/Capture-d\u2019e\u0301cran-2017-01-05-a\u0300-18.07.20.png 721w\" sizes=\"auto, (max-width: 322px) 100vw, 322px\" \/>O\u00f9 Garnier a-t-il assist\u00e9 \u00e0 l\u2019inauguration de son op\u00e9ra ?<\/em><\/h2>\n<p style=\"text-align: justify;\">\u00c9difi\u00e9 dans le contexte de la modernisation de Paris sous le\u00a0<span id=\"sample-permalink\"><a href=\"http:\/\/xn--ttesdelartvisites-ttb.com\/index.php\/2016\/03\/22\/le-second-empire-retrouve-le-parc-monceau-et-ses-hotels-imperiaux-2\/\" target=\"_blank\" rel=\"noopener\">Second Empire<\/a><\/span>, le Palais Garnier est le symbole le plus c\u00e9l\u00e8bre de <a href=\"http:\/\/xn--ttesdelartvisites-ttb.com\/index.php\/2016\/03\/22\/de-la-lorette-a-la-lionne-lhotel-de-paiva-2\/\" target=\"_blank\" rel=\"noopener\">l&rsquo;architecture \u00e9clectique<\/a>. Fruit de longues recherches, il s\u2019agit aussi d\u2019une salle de spectacle dot\u00e9e d\u2019une excellente acoustique. D\u00e9laiss\u00e9e, la salle rena\u00eet gr\u00e2ce au c\u00e9l\u00e8bre plafond de Chagall. Plus de deux si\u00e8cles apr\u00e8s son inauguration ballerines et cantatrices \u00e9voluent encore sur cette sc\u00e8ne.<\/p>\n<h6>La visite guid\u00e9e du monument dure 1 h 30.<\/h6>\n<p>\u00a9 Les T\u00eates de l&rsquo;art &#8211; visites<\/p>\n","protected":false},"excerpt":{"rendered":"<p>O\u00f9 Garnier a-t-il assist\u00e9 \u00e0 l\u2019inauguration de son op\u00e9ra ? \u00c9difi\u00e9 dans le contexte de la modernisation de Paris sous le\u00a0Second Empire, le Palais Garnier est le symbole le plus c\u00e9l\u00e8bre de l&rsquo;architecture \u00e9clectique. Fruit de longues recherches, il s\u2019agit aussi d\u2019une salle de spectacle dot\u00e9e d\u2019une excellente acoustique. D\u00e9laiss\u00e9e, la salle rena\u00eet gr\u00e2ce au [&hellip;]<\/p>\n","protected":false},"author":1,"featured_media":0,"comment_status":"closed","ping_status":"open","sticky":false,"template":"","format":"standard","meta":{"footnotes":""},"categories":[14],"tags":[],"class_list":["post-301","post","type-post","status-publish","format-standard","hentry","category-monuments"],"_links":{"self":[{"href":"http:\/\/xn--ttesdelartvisites-ttb.com\/index.php\/wp-json\/wp\/v2\/posts\/301","targetHints":{"allow":["GET"]}}],"collection":[{"href":"http:\/\/xn--ttesdelartvisites-ttb.com\/index.php\/wp-json\/wp\/v2\/posts"}],"about":[{"href":"http:\/\/xn--ttesdelartvisites-ttb.com\/index.php\/wp-json\/wp\/v2\/types\/post"}],"author":[{"embeddable":true,"href":"http:\/\/xn--ttesdelartvisites-ttb.com\/index.php\/wp-json\/wp\/v2\/users\/1"}],"replies":[{"embeddable":true,"href":"http:\/\/xn--ttesdelartvisites-ttb.com\/index.php\/wp-json\/wp\/v2\/comments?post=301"}],"version-history":[{"count":12,"href":"http:\/\/xn--ttesdelartvisites-ttb.com\/index.php\/wp-json\/wp\/v2\/posts\/301\/revisions"}],"predecessor-version":[{"id":3214,"href":"http:\/\/xn--ttesdelartvisites-ttb.com\/index.php\/wp-json\/wp\/v2\/posts\/301\/revisions\/3214"}],"wp:attachment":[{"href":"http:\/\/xn--ttesdelartvisites-ttb.com\/index.php\/wp-json\/wp\/v2\/media?parent=301"}],"wp:term":[{"taxonomy":"category","embeddable":true,"href":"http:\/\/xn--ttesdelartvisites-ttb.com\/index.php\/wp-json\/wp\/v2\/categories?post=301"},{"taxonomy":"post_tag","embeddable":true,"href":"http:\/\/xn--ttesdelartvisites-ttb.com\/index.php\/wp-json\/wp\/v2\/tags?post=301"}],"curies":[{"name":"wp","href":"https:\/\/api.w.org\/{rel}","templated":true}]}}