{"id":263,"date":"2016-03-22T16:15:13","date_gmt":"2016-03-22T15:15:13","guid":{"rendered":"http:\/\/xn--ttesdelartvisites-ttb.com\/?p=263"},"modified":"2026-01-25T21:16:23","modified_gmt":"2026-01-25T20:16:23","slug":"le-toit-de-paris-belleville-2","status":"publish","type":"post","link":"http:\/\/xn--ttesdelartvisites-ttb.com\/index.php\/2016\/03\/22\/le-toit-de-paris-belleville-2\/","title":{"rendered":"Le toit de Paris, Belleville"},"content":{"rendered":"<h2><em>O\u00f9 est r\u00e9ellement n\u00e9e \u00c9dith Piaf ?<br \/>\n<\/em><\/h2>\n<p style=\"text-align: justify;\"><img loading=\"lazy\" decoding=\"async\" class=\"size-medium wp-image-403 alignleft\" src=\"http:\/\/xn--ttesdelartvisites-ttb.com\/wp-content\/uploads\/2016\/03\/Capture-d\u2019e\u0301cran-2016-03-22-a\u0300-22.19.19-300x202.png\" alt=\"Capture d\u2019e\u0301cran 2016-03-22 a\u0300 22.19.19\" width=\"300\" height=\"202\" srcset=\"http:\/\/xn--ttesdelartvisites-ttb.com\/wp-content\/uploads\/2016\/03\/Capture-d\u2019e\u0301cran-2016-03-22-a\u0300-22.19.19-300x202.png 300w, http:\/\/xn--ttesdelartvisites-ttb.com\/wp-content\/uploads\/2016\/03\/Capture-d\u2019e\u0301cran-2016-03-22-a\u0300-22.19.19.png 756w\" sizes=\"auto, (max-width: 300px) 100vw, 300px\" \/>Des apaches de Casque d\u2019Or aux fantaisies de Maurice Chevalier, de l\u2019ultime barricade de la <a href=\"http:\/\/xn--ttesdelartvisites-ttb.com\/index.php\/2016\/03\/22\/un-jardin-charge-dhistoire-de-france-les-tuileries\/\" target=\"_blank\" rel=\"noopener\">Commune<\/a> aux complaintes d\u2019<span id=\"sample-permalink\"><a href=\"http:\/\/xn--ttesdelartvisites-ttb.com\/index.php\/2016\/03\/22\/le-plus-grand-cimetiere-de-paris-le-pere-lachaise-2\/\" target=\"_blank\" rel=\"noopener\">\u00c9dith Piaf<\/a><\/span>\u200e en passant par les\u00a0<span id=\"sample-permalink\"><a href=\"http:\/\/xn--ttesdelartvisites-ttb.com\/index.php\/2016\/03\/22\/un-jardin-a-langlaise-au-coeur-de-paris-les-buttes-chaumont-2\/\" target=\"_blank\" rel=\"noopener\">combats de la lib\u00e9ration de Paris<\/a><\/span>\u200e<span id=\"edit-slug-buttons\"><\/span>, les rues pentues du quartier de Belleville conservent vivante la m\u00e9moire du Paris populaire. Lan\u00e7ons-nous \u00e0 l\u2019assaut des escaliers de cet ancien village de vignerons, point culminant de la capitale, qui accueillit les ouvriers de la r\u00e9volution industrielle et les immigr\u00e9s\u00a0 fuyant les al\u00e9as de l\u2019histoire du XX<sup>e<\/sup> si\u00e8cle.<\/p>\n<h6 style=\"text-align: justify;\">La visite guid\u00e9e du quartier dure 2 h.<\/h6>\n<p>\u00a9 Les T\u00eates de l&rsquo;art &#8211; visites<\/p>\n","protected":false},"excerpt":{"rendered":"<p>O\u00f9 est r\u00e9ellement n\u00e9e \u00c9dith Piaf ? Des apaches de Casque d\u2019Or aux fantaisies de Maurice Chevalier, de l\u2019ultime barricade de la Commune aux complaintes d\u2019\u00c9dith Piaf\u200e en passant par les\u00a0combats de la lib\u00e9ration de Paris\u200e, les rues pentues du quartier de Belleville conservent vivante la m\u00e9moire du Paris populaire. Lan\u00e7ons-nous \u00e0 l\u2019assaut des escaliers [&hellip;]<\/p>\n","protected":false},"author":1,"featured_media":0,"comment_status":"closed","ping_status":"open","sticky":false,"template":"","format":"standard","meta":{"footnotes":""},"categories":[12,18],"tags":[],"class_list":["post-263","post","type-post","status-publish","format-standard","hentry","category-flanerie","category-promenades-de-quartiers"],"_links":{"self":[{"href":"http:\/\/xn--ttesdelartvisites-ttb.com\/index.php\/wp-json\/wp\/v2\/posts\/263","targetHints":{"allow":["GET"]}}],"collection":[{"href":"http:\/\/xn--ttesdelartvisites-ttb.com\/index.php\/wp-json\/wp\/v2\/posts"}],"about":[{"href":"http:\/\/xn--ttesdelartvisites-ttb.com\/index.php\/wp-json\/wp\/v2\/types\/post"}],"author":[{"embeddable":true,"href":"http:\/\/xn--ttesdelartvisites-ttb.com\/index.php\/wp-json\/wp\/v2\/users\/1"}],"replies":[{"embeddable":true,"href":"http:\/\/xn--ttesdelartvisites-ttb.com\/index.php\/wp-json\/wp\/v2\/comments?post=263"}],"version-history":[{"count":11,"href":"http:\/\/xn--ttesdelartvisites-ttb.com\/index.php\/wp-json\/wp\/v2\/posts\/263\/revisions"}],"predecessor-version":[{"id":3169,"href":"http:\/\/xn--ttesdelartvisites-ttb.com\/index.php\/wp-json\/wp\/v2\/posts\/263\/revisions\/3169"}],"wp:attachment":[{"href":"http:\/\/xn--ttesdelartvisites-ttb.com\/index.php\/wp-json\/wp\/v2\/media?parent=263"}],"wp:term":[{"taxonomy":"category","embeddable":true,"href":"http:\/\/xn--ttesdelartvisites-ttb.com\/index.php\/wp-json\/wp\/v2\/categories?post=263"},{"taxonomy":"post_tag","embeddable":true,"href":"http:\/\/xn--ttesdelartvisites-ttb.com\/index.php\/wp-json\/wp\/v2\/tags?post=263"}],"curies":[{"name":"wp","href":"https:\/\/api.w.org\/{rel}","templated":true}]}}