{"id":1969,"date":"2020-11-24T22:20:14","date_gmt":"2020-11-24T21:20:14","guid":{"rendered":"http:\/\/xn--ttesdelartvisites-ttb.com\/?p=1969"},"modified":"2026-01-19T13:21:08","modified_gmt":"2026-01-19T12:21:08","slug":"anselm-kiefer-quand-lhistoire-devient-art","status":"publish","type":"post","link":"http:\/\/xn--ttesdelartvisites-ttb.com\/index.php\/2020\/11\/24\/anselm-kiefer-quand-lhistoire-devient-art\/","title":{"rendered":"Anselm Kiefer, Quand l\u2019Histoire devient art"},"content":{"rendered":"\n<h2 class=\"wp-block-heading has-text-align-center\" style=\"font-size:35px\">\u00ab&nbsp;<em>Le livre est un r\u00e9pertoire de formes et une mani\u00e8re de mat\u00e9rialiser le temps qui passe<\/em>. \u00bb<\/h2>\n\n\n<div class=\"wp-block-image\">\n<figure class=\"aligncenter size-large is-resized\"><img loading=\"lazy\" decoding=\"async\" src=\"http:\/\/xn--ttesdelartvisites-ttb.com\/wp-content\/uploads\/2020\/11\/image-1.png\" alt=\"\" class=\"wp-image-1970\" width=\"252\" height=\"216\" srcset=\"http:\/\/xn--ttesdelartvisites-ttb.com\/wp-content\/uploads\/2020\/11\/image-1.png 794w, http:\/\/xn--ttesdelartvisites-ttb.com\/wp-content\/uploads\/2020\/11\/image-1-300x258.png 300w, http:\/\/xn--ttesdelartvisites-ttb.com\/wp-content\/uploads\/2020\/11\/image-1-768x660.png 768w\" sizes=\"auto, (max-width: 252px) 100vw, 252px\" \/><\/figure>\n<\/div>\n\n\n<p class=\"has-small-font-size\">Le 11 novembre 2020, Anselm Kiefer a offert six de ses vitrines \u00e0 la France. M\u00ealant peinture, plomb fondu, pi\u00e8ces m\u00e9talliques rouill\u00e9es et mati\u00e8re organique, l\u2019\u0153uvre de l\u2019artiste allemand invite \u00e0 la m\u00e9ditation sur le monde. Comment Kiefer, h\u00e9ritier d\u2019un lourd pass\u00e9 familial et collectif, a-t-il fait de l\u2019Histoire la mati\u00e8re m\u00eame de son art&nbsp;?<\/p>\n\n\n\n<h6 class=\"wp-block-heading\">La dur\u00e9e est modulable de 45 minutes \u00e0 1h30 avec un temps d&rsquo;\u00e9changes.<\/h6>\n\n\n\n<p>\u00a9 Les T\u00eates de l&rsquo;art &#8211; visites<\/p>\n","protected":false},"excerpt":{"rendered":"<p>\u00ab&nbsp;Le livre est un r\u00e9pertoire de formes et une mani\u00e8re de mat\u00e9rialiser le temps qui passe. \u00bb Le 11 novembre 2020, Anselm Kiefer a offert six de ses vitrines \u00e0 la France. M\u00ealant peinture, plomb fondu, pi\u00e8ces m\u00e9talliques rouill\u00e9es et mati\u00e8re organique, l\u2019\u0153uvre de l\u2019artiste allemand invite \u00e0 la m\u00e9ditation sur le monde. Comment Kiefer, [&hellip;]<\/p>\n","protected":false},"author":1,"featured_media":0,"comment_status":"closed","ping_status":"open","sticky":false,"template":"","format":"standard","meta":{"footnotes":""},"categories":[27],"tags":[],"class_list":["post-1969","post","type-post","status-publish","format-standard","hentry","category-conferences-en-salle"],"_links":{"self":[{"href":"http:\/\/xn--ttesdelartvisites-ttb.com\/index.php\/wp-json\/wp\/v2\/posts\/1969","targetHints":{"allow":["GET"]}}],"collection":[{"href":"http:\/\/xn--ttesdelartvisites-ttb.com\/index.php\/wp-json\/wp\/v2\/posts"}],"about":[{"href":"http:\/\/xn--ttesdelartvisites-ttb.com\/index.php\/wp-json\/wp\/v2\/types\/post"}],"author":[{"embeddable":true,"href":"http:\/\/xn--ttesdelartvisites-ttb.com\/index.php\/wp-json\/wp\/v2\/users\/1"}],"replies":[{"embeddable":true,"href":"http:\/\/xn--ttesdelartvisites-ttb.com\/index.php\/wp-json\/wp\/v2\/comments?post=1969"}],"version-history":[{"count":7,"href":"http:\/\/xn--ttesdelartvisites-ttb.com\/index.php\/wp-json\/wp\/v2\/posts\/1969\/revisions"}],"predecessor-version":[{"id":2973,"href":"http:\/\/xn--ttesdelartvisites-ttb.com\/index.php\/wp-json\/wp\/v2\/posts\/1969\/revisions\/2973"}],"wp:attachment":[{"href":"http:\/\/xn--ttesdelartvisites-ttb.com\/index.php\/wp-json\/wp\/v2\/media?parent=1969"}],"wp:term":[{"taxonomy":"category","embeddable":true,"href":"http:\/\/xn--ttesdelartvisites-ttb.com\/index.php\/wp-json\/wp\/v2\/categories?post=1969"},{"taxonomy":"post_tag","embeddable":true,"href":"http:\/\/xn--ttesdelartvisites-ttb.com\/index.php\/wp-json\/wp\/v2\/tags?post=1969"}],"curies":[{"name":"wp","href":"https:\/\/api.w.org\/{rel}","templated":true}]}}