{"id":1565,"date":"2020-10-16T20:46:08","date_gmt":"2020-10-16T19:46:08","guid":{"rendered":"http:\/\/xn--ttesdelartvisites-ttb.com\/?p=1565"},"modified":"2026-01-19T13:31:03","modified_gmt":"2026-01-19T12:31:03","slug":"jean-michel-basquiat-la-fureur-de-creer","status":"publish","type":"post","link":"http:\/\/xn--ttesdelartvisites-ttb.com\/index.php\/2020\/10\/16\/jean-michel-basquiat-la-fureur-de-creer\/","title":{"rendered":"Jean-Michel Basquiat, La fureur de cr\u00e9er"},"content":{"rendered":"\n<h2 class=\"wp-block-heading has-text-align-center\" style=\"font-size:35px\">\u00ab\u00a0<em>Je commence un tableau et je l\u2019ach\u00e8ve. Je ne pense pas \u00e0 l\u2019art pendant que je travaille, j\u2019essaie de penser \u00e0 la vie<\/em>.\u00a0\u00bb<\/h2>\n\n\n<div class=\"wp-block-image\">\n<figure class=\"aligncenter size-large is-resized\"><img loading=\"lazy\" decoding=\"async\" src=\"http:\/\/xn--ttesdelartvisites-ttb.com\/wp-content\/uploads\/2020\/10\/Capture-d\u2019e\u0301cran-2020-11-03-a\u0300-21.41.07.png\" alt=\"\" class=\"wp-image-1869\" width=\"430\" height=\"318\" srcset=\"http:\/\/xn--ttesdelartvisites-ttb.com\/wp-content\/uploads\/2020\/10\/Capture-d\u2019e\u0301cran-2020-11-03-a\u0300-21.41.07.png 702w, http:\/\/xn--ttesdelartvisites-ttb.com\/wp-content\/uploads\/2020\/10\/Capture-d\u2019e\u0301cran-2020-11-03-a\u0300-21.41.07-300x222.png 300w\" sizes=\"auto, (max-width: 430px) 100vw, 430px\" \/><\/figure>\n<\/div>\n\n\n<p class=\"has-small-font-size\">Dix ans : telle est la dur\u00e9e de la fulgurante carri\u00e8re de Jean-Michel Basquiat, commenc\u00e9e sur un lit d\u2019h\u00f4pital et interrompue par une overdose. Dix ans pendant lesquels il passe du graff \u00e0 la toile, de la rue aux galeries, de SAMO \u00e0 Basquiat. En quoi ce pionnier de l\u2019art urbain, m\u00e9langeant les univers et en confrontant les symboles am\u00e9ricains \u00e0 une n\u00e9gritude revendiqu\u00e9e, marque-t-il une \u00e9tape importante de l\u2019art contemporain&nbsp;?<\/p>\n\n\n\n<h6 class=\"wp-block-heading\"> La dur\u00e9e est modulable de 45 minutes \u00e0 1h30 avec un temps d&rsquo;\u00e9changes. <\/h6>\n\n\n\n<p>\u00a9 Les T\u00eates de l\u2019art \u2013 visites <\/p>\n","protected":false},"excerpt":{"rendered":"<p>\u00ab\u00a0Je commence un tableau et je l\u2019ach\u00e8ve. Je ne pense pas \u00e0 l\u2019art pendant que je travaille, j\u2019essaie de penser \u00e0 la vie.\u00a0\u00bb Dix ans : telle est la dur\u00e9e de la fulgurante carri\u00e8re de Jean-Michel Basquiat, commenc\u00e9e sur un lit d\u2019h\u00f4pital et interrompue par une overdose. Dix ans pendant lesquels il passe du graff [&hellip;]<\/p>\n","protected":false},"author":1,"featured_media":0,"comment_status":"closed","ping_status":"open","sticky":false,"template":"","format":"standard","meta":{"footnotes":""},"categories":[27],"tags":[],"class_list":["post-1565","post","type-post","status-publish","format-standard","hentry","category-conferences-en-salle"],"_links":{"self":[{"href":"http:\/\/xn--ttesdelartvisites-ttb.com\/index.php\/wp-json\/wp\/v2\/posts\/1565","targetHints":{"allow":["GET"]}}],"collection":[{"href":"http:\/\/xn--ttesdelartvisites-ttb.com\/index.php\/wp-json\/wp\/v2\/posts"}],"about":[{"href":"http:\/\/xn--ttesdelartvisites-ttb.com\/index.php\/wp-json\/wp\/v2\/types\/post"}],"author":[{"embeddable":true,"href":"http:\/\/xn--ttesdelartvisites-ttb.com\/index.php\/wp-json\/wp\/v2\/users\/1"}],"replies":[{"embeddable":true,"href":"http:\/\/xn--ttesdelartvisites-ttb.com\/index.php\/wp-json\/wp\/v2\/comments?post=1565"}],"version-history":[{"count":9,"href":"http:\/\/xn--ttesdelartvisites-ttb.com\/index.php\/wp-json\/wp\/v2\/posts\/1565\/revisions"}],"predecessor-version":[{"id":3004,"href":"http:\/\/xn--ttesdelartvisites-ttb.com\/index.php\/wp-json\/wp\/v2\/posts\/1565\/revisions\/3004"}],"wp:attachment":[{"href":"http:\/\/xn--ttesdelartvisites-ttb.com\/index.php\/wp-json\/wp\/v2\/media?parent=1565"}],"wp:term":[{"taxonomy":"category","embeddable":true,"href":"http:\/\/xn--ttesdelartvisites-ttb.com\/index.php\/wp-json\/wp\/v2\/categories?post=1565"},{"taxonomy":"post_tag","embeddable":true,"href":"http:\/\/xn--ttesdelartvisites-ttb.com\/index.php\/wp-json\/wp\/v2\/tags?post=1565"}],"curies":[{"name":"wp","href":"https:\/\/api.w.org\/{rel}","templated":true}]}}